{"id":1,"count":9,"description":"","link":"https:\/\/www.ortodonciagranada.com\/en\/blog\/sin-categoria\/","name":"Sin categor\u00eda","slug":"sin-categoria","taxonomy":"category","parent":0,"meta":[],"acf":[],"yoast_head":"<!-- This site is optimized with the Yoast SEO plugin v27.1.1 - https:\/\/yoast.com\/product\/yoast-seo-wordpress\/ -->\n<title>Sin categor\u00eda<\/title>\n<meta name=\"robots\" content=\"noindex, follow\" \/>\n<meta property=\"og:locale\" content=\"en_US\" \/>\n<meta property=\"og:type\" content=\"article\" \/>\n<meta property=\"og:title\" content=\"Sin categor\u00eda\" \/>\n<meta property=\"og:url\" content=\"https:\/\/www.ortodonciagranada.com\/en\/blog\/sin-categoria\/\" \/>\n<meta property=\"og:site_name\" content=\"Cl\u00ednica Men\u00e9ndez\" \/>\n<meta property=\"og:image\" content=\"https:\/\/www.ortodonciagranada.com\/wp-content\/uploads\/2024\/09\/DS101869.jpg\" \/>\n\t<meta property=\"og:image:width\" content=\"1200\" \/>\n\t<meta property=\"og:image:height\" content=\"800\" \/>\n\t<meta property=\"og:image:type\" content=\"image\/jpeg\" \/>\n<meta name=\"twitter:card\" content=\"summary_large_image\" \/>\n<meta name=\"twitter:site\" content=\"@ClinicaMenendez\" \/>\n<script type=\"application\/ld+json\" class=\"yoast-schema-graph\">{\"@context\":\"https:\/\/schema.org\",\"@graph\":[{\"@type\":\"CollectionPage\",\"@id\":\"https:\/\/www.ortodonciagranada.com\/en\/blog\/sin-categoria\/\",\"url\":\"https:\/\/www.ortodonciagranada.com\/en\/blog\/sin-categoria\/\",\"name\":\"Sin categor\u00eda\",\"isPartOf\":{\"@id\":\"https:\/\/www.ortodonciagranada.com\/en\/#website\"},\"breadcrumb\":{\"@id\":\"https:\/\/www.ortodonciagranada.com\/en\/blog\/sin-categoria\/#breadcrumb\"},\"inLanguage\":\"en-US\"},{\"@type\":\"BreadcrumbList\",\"@id\":\"https:\/\/www.ortodonciagranada.com\/en\/blog\/sin-categoria\/#breadcrumb\",\"itemListElement\":[{\"@type\":\"ListItem\",\"position\":1,\"name\":\"Portada\",\"item\":\"https:\/\/www.ortodonciagranada.com\/en\/\"},{\"@type\":\"ListItem\",\"position\":2,\"name\":\"Sin categor\u00eda\"}]},{\"@type\":\"WebSite\",\"@id\":\"https:\/\/www.ortodonciagranada.com\/en\/#website\",\"url\":\"https:\/\/www.ortodonciagranada.com\/en\/\",\"name\":\"Cl\u00ednica Men\u00e9ndez\",\"description\":\"En la Cl\u00ednica Men\u00e9ndez de Granada somos especialistas en ortodoncia invisible lingual e Invisalign y tratamientos con Sistema Damon.\",\"publisher\":{\"@id\":\"https:\/\/www.ortodonciagranada.com\/en\/#organization\"},\"potentialAction\":[{\"@type\":\"SearchAction\",\"target\":{\"@type\":\"EntryPoint\",\"urlTemplate\":\"https:\/\/www.ortodonciagranada.com\/en\/?s={search_term_string}\"},\"query-input\":{\"@type\":\"PropertyValueSpecification\",\"valueRequired\":true,\"valueName\":\"search_term_string\"}}],\"inLanguage\":\"en-US\"},{\"@type\":\"Organization\",\"@id\":\"https:\/\/www.ortodonciagranada.com\/en\/#organization\",\"name\":\"Cl\u00ednica Men\u00e9ndez\",\"url\":\"https:\/\/www.ortodonciagranada.com\/en\/\",\"logo\":{\"@type\":\"ImageObject\",\"inLanguage\":\"en-US\",\"@id\":\"https:\/\/www.ortodonciagranada.com\/en\/#\/schema\/logo\/image\/\",\"url\":\"https:\/\/www.ortodonciagranada.com\/wp-content\/uploads\/2024\/04\/logo-clinica-menendez.png\",\"contentUrl\":\"https:\/\/www.ortodonciagranada.com\/wp-content\/uploads\/2024\/04\/logo-clinica-menendez.png\",\"width\":696,\"height\":696,\"caption\":\"Cl\u00ednica Men\u00e9ndez\"},\"image\":{\"@id\":\"https:\/\/www.ortodonciagranada.com\/en\/#\/schema\/logo\/image\/\"},\"sameAs\":[\"https:\/\/www.facebook.com\/ClinicaOrtodonciaMenendez\",\"https:\/\/x.com\/ClinicaMenendez\",\"https:\/\/www.youtube.com\/user\/ComunidadMenendez\/\",\"https:\/\/www.instagram.com\/clinicamenendez\/\",\"https:\/\/www.tiktok.com\/@clinica.menendez\"]}]}<\/script>\n<!-- \/ Yoast SEO plugin. -->","yoast_head_json":{"title":"Sin categor\u00eda","robots":{"index":"noindex","follow":"follow"},"og_locale":"en_US","og_type":"article","og_title":"Sin categor\u00eda","og_url":"https:\/\/www.ortodonciagranada.com\/en\/blog\/sin-categoria\/","og_site_name":"Cl\u00ednica Men\u00e9ndez","og_image":[{"width":1200,"height":800,"url":"https:\/\/www.ortodonciagranada.com\/wp-content\/uploads\/2024\/09\/DS101869.jpg","type":"image\/jpeg"}],"twitter_card":"summary_large_image","twitter_site":"@ClinicaMenendez","schema":{"@context":"https:\/\/schema.org","@graph":[{"@type":"CollectionPage","@id":"https:\/\/www.ortodonciagranada.com\/en\/blog\/sin-categoria\/","url":"https:\/\/www.ortodonciagranada.com\/en\/blog\/sin-categoria\/","name":"Sin categor\u00eda","isPartOf":{"@id":"https:\/\/www.ortodonciagranada.com\/en\/#website"},"breadcrumb":{"@id":"https:\/\/www.ortodonciagranada.com\/en\/blog\/sin-categoria\/#breadcrumb"},"inLanguage":"en-US"},{"@type":"BreadcrumbList","@id":"https:\/\/www.ortodonciagranada.com\/en\/blog\/sin-categoria\/#breadcrumb","itemListElement":[{"@type":"ListItem","position":1,"name":"Portada","item":"https:\/\/www.ortodonciagranada.com\/en\/"},{"@type":"ListItem","position":2,"name":"Sin categor\u00eda"}]},{"@type":"WebSite","@id":"https:\/\/www.ortodonciagranada.com\/en\/#website","url":"https:\/\/www.ortodonciagranada.com\/en\/","name":"Cl\u00ednica Men\u00e9ndez","description":"En la Cl\u00ednica Men\u00e9ndez de Granada somos especialistas en ortodoncia invisible lingual e Invisalign y tratamientos con Sistema Damon.","publisher":{"@id":"https:\/\/www.ortodonciagranada.com\/en\/#organization"},"potentialAction":[{"@type":"SearchAction","target":{"@type":"EntryPoint","urlTemplate":"https:\/\/www.ortodonciagranada.com\/en\/?s={search_term_string}"},"query-input":{"@type":"PropertyValueSpecification","valueRequired":true,"valueName":"search_term_string"}}],"inLanguage":"en-US"},{"@type":"Organization","@id":"https:\/\/www.ortodonciagranada.com\/en\/#organization","name":"Cl\u00ednica Men\u00e9ndez","url":"https:\/\/www.ortodonciagranada.com\/en\/","logo":{"@type":"ImageObject","inLanguage":"en-US","@id":"https:\/\/www.ortodonciagranada.com\/en\/#\/schema\/logo\/image\/","url":"https:\/\/www.ortodonciagranada.com\/wp-content\/uploads\/2024\/04\/logo-clinica-menendez.png","contentUrl":"https:\/\/www.ortodonciagranada.com\/wp-content\/uploads\/2024\/04\/logo-clinica-menendez.png","width":696,"height":696,"caption":"Cl\u00ednica Men\u00e9ndez"},"image":{"@id":"https:\/\/www.ortodonciagranada.com\/en\/#\/schema\/logo\/image\/"},"sameAs":["https:\/\/www.facebook.com\/ClinicaOrtodonciaMenendez","https:\/\/x.com\/ClinicaMenendez","https:\/\/www.youtube.com\/user\/ComunidadMenendez\/","https:\/\/www.instagram.com\/clinicamenendez\/","https:\/\/www.tiktok.com\/@clinica.menendez"]}]}},"_links":{"self":[{"href":"https:\/\/www.ortodonciagranada.com\/en\/wp-json\/wp\/v2\/categories\/1","targetHints":{"allow":["GET"]}}],"collection":[{"href":"https:\/\/www.ortodonciagranada.com\/en\/wp-json\/wp\/v2\/categories"}],"about":[{"href":"https:\/\/www.ortodonciagranada.com\/en\/wp-json\/wp\/v2\/taxonomies\/category"}],"wp:post_type":[{"href":"https:\/\/www.ortodonciagranada.com\/en\/wp-json\/wp\/v2\/posts?categories=1"}],"curies":[{"name":"wp","href":"https:\/\/api.w.org\/{rel}","templated":true}]}}